{"id":2333,"date":"2022-11-10T16:53:04","date_gmt":"2022-11-10T15:53:04","guid":{"rendered":"https:\/\/www.bordeaux-population-health.center\/les-chercheurs-de-lequipe-epicene-du-bph-interviendront-au-prochain-seminaire-vins-environnement-du-15-novembre-prochain-sur-la-question-de-la-sante-en-lien-avec-les-utilisations-de-pestici\/"},"modified":"2026-02-05T09:33:58","modified_gmt":"2026-02-05T08:33:58","slug":"les-chercheurs-de-lequipe-epicene-du-bph-interviendront-au-prochain-seminaire-vins-environnement-du-15-novembre-prochain-sur-la-question-de-la-sante-en-lien-avec-les-utilisations-de-pestici","status":"publish","type":"post","link":"https:\/\/www.bordeaux-population-health.center\/fr\/les-chercheurs-de-lequipe-epicene-du-bph-interviendront-au-prochain-seminaire-vins-environnement-du-15-novembre-prochain-sur-la-question-de-la-sante-en-lien-avec-les-utilisations-de-pestici\/","title":{"rendered":"Les chercheurs de l\u2019\u00e9quipe EPICENE du BPH interviendront au prochain s\u00e9minaire Vins &#038; environnement du 15 novembre prochain sur la question de la sant\u00e9 en lien avec les utilisations de pesticides en vigne"},"content":{"rendered":"<p><img decoding=\"async\" class=\"wp-image-1384 alignnone\" style=\"float: right; margin-left: 5%;\" src=\"https:\/\/www.bordeaux-population-health.center\/wp-content\/uploads\/2022\/11\/seminiaire_vin.jpg\" alt=\"\" width=\"500\" \/><br \/>\n<strong>Ce 6\u00e8me s\u00e9minaire Vins &amp; environnement organis\u00e9 par l&rsquo;ISVV Institut des Sciences de la Vigne et du Vin de l&rsquo;Universit\u00e9 de Bordeaux, en partenariat avec INNO&rsquo;VIN le cluster de la fili\u00e8re vitivinicole en Nouvelle-Aquitaine portera sur<br \/>\n\u00ab Viticulture, pesticides et sante\u0301 : Que r\u00e9colte la recherche ? \u00bb<br \/>\n<\/strong><\/p>\n<p><strong style=\"margin-top: 3em; display: block;\">Contact :<br \/>\nIsabelle.baldi@u-bordeaux.fr<br \/>\nMathilde Bureau@u-bordeaux.fr<br \/>\n<\/strong><\/p>\n<p style=\"margin-top: 5em; display: block;\">Le s\u00e9minaire aura lieu le mardi 15 Novembre 2022 de 14h30-17h30 \u00e0 l\u2019amphithe\u0301a\u0302tre Colette et Josy Bove\u0301 -de l\u2019INRAE Bordeaux Aquitaine &#8211; 71 Av. Edouard Bourlaux, 33140 Villenave-d\u2019Ornon<br \/>\nLe th\u00e8me est : Viticulture, pesticides et sante\u0301 : Que r\u00e9colte la recherche ?<\/p>\n<p style=\"margin-top: 5em; display: block;\">Les pr\u00e9sentations au programme :<\/p>\n<p style=\"margin-top: 5em; display: block;\">\n\u2460 \u00c9tat des lieux des connaissances sur le lien entre les pesticides et la sante\u0301 par Isabelle Baldi, Professeure a\u0300 l\u2019Universite\u0301 de Bordeaux, Praticienne hospitalie\u0300re, BPH INSERM U1219, E\u0301quipe EPICENE, CHU Bordeaux<\/p>\n<p>&nbsp;<\/p>\n<p>\u2461 Pesticides et sante\u0301 des travailleurs viticoles par Mathilde Bureau, Inge\u0301nieure agronome, BPH INSERM U1219, E\u0301quipe EPICENE<br \/>\nCes interventions seront suivies d\u2019une table ronde dont l\u2019objectif est d\u2019\u00e9changer avec des acteurs du secteur et de Sant\u00e9 publique France.<\/p>\n<p><a href=\"https:\/\/www.bordeaux-population-health.center\/wp-content\/uploads\/2022\/11\/invitation-seminaire-Vins-Environnement_pesticides_20221115.pdf\" target=\"_blank\" rel=\"noopener\">Lien vers le programme (pdf)<\/a><\/p>\n<p>&nbsp;<\/p>\n","protected":false},"excerpt":{"rendered":"<p>Ce 6\u00e8me s\u00e9minaire Vins &amp; environnement organis\u00e9 par l&rsquo;ISVV Institut des Sciences de la Vigne et du Vin de l&rsquo;Universit\u00e9 de Bordeaux, en partenariat avec INNO&rsquo;VIN le cluster de la fili\u00e8re vitivinicole en Nouvelle-Aquitaine portera sur \u00ab Viticulture, pesticides et sante\u0301 : Que r\u00e9colte la recherche ? \u00bb Contact : Isabelle.baldi@u-bordeaux.fr Mathilde Bureau@u-bordeaux.fr Le s\u00e9minaire [&hellip;]<\/p>\n","protected":false},"author":613,"featured_media":1730,"comment_status":"closed","ping_status":"closed","sticky":false,"template":"","format":"standard","meta":{"_acf_changed":false,"footnotes":""},"categories":[26],"tags":[],"class_list":["post-2333","post","type-post","status-publish","format-standard","has-post-thumbnail","hentry","category-seminaires"],"acf":[],"yoast_head":"<!-- This site is optimized with the Yoast SEO plugin v27.5 - https:\/\/yoast.com\/product\/yoast-seo-wordpress\/ -->\n<title>Les chercheurs de l\u2019\u00e9quipe EPICENE du BPH interviendront au prochain s\u00e9minaire Vins &amp; environnement du 15 novembre prochain sur la question de la sant\u00e9 en lien avec les utilisations de pesticides en vigne | Bordeaux population health<\/title>\n<meta name=\"robots\" content=\"index, follow, max-snippet:-1, max-image-preview:large, max-video-preview:-1\" \/>\n<link rel=\"canonical\" href=\"https:\/\/www.bordeaux-population-health.center\/fr\/les-chercheurs-de-lequipe-epicene-du-bph-interviendront-au-prochain-seminaire-vins-environnement-du-15-novembre-prochain-sur-la-question-de-la-sante-en-lien-avec-les-utilisations-de-pestici\/\" \/>\n<meta property=\"og:locale\" content=\"fr_FR\" \/>\n<meta property=\"og:type\" content=\"article\" \/>\n<meta property=\"og:title\" content=\"Les chercheurs de l\u2019\u00e9quipe EPICENE du BPH interviendront au prochain s\u00e9minaire Vins &amp; environnement du 15 novembre prochain sur la question de la sant\u00e9 en lien avec les utilisations de pesticides en vigne | Bordeaux population health\" \/>\n<meta property=\"og:description\" content=\"Ce 6\u00e8me s\u00e9minaire Vins &amp; environnement organis\u00e9 par l&rsquo;ISVV Institut des Sciences de la Vigne et du Vin de l&rsquo;Universit\u00e9 de Bordeaux, en partenariat avec INNO&rsquo;VIN le cluster de la fili\u00e8re vitivinicole en Nouvelle-Aquitaine portera sur \u00ab Viticulture, pesticides et sante\u0301 : Que r\u00e9colte la recherche ? \u00bb Contact : Isabelle.baldi@u-bordeaux.fr Mathilde Bureau@u-bordeaux.fr Le s\u00e9minaire [&hellip;]\" \/>\n<meta property=\"og:url\" content=\"https:\/\/www.bordeaux-population-health.center\/fr\/les-chercheurs-de-lequipe-epicene-du-bph-interviendront-au-prochain-seminaire-vins-environnement-du-15-novembre-prochain-sur-la-question-de-la-sante-en-lien-avec-les-utilisations-de-pestici\/\" \/>\n<meta property=\"og:site_name\" content=\"Bordeaux population health\" \/>\n<meta property=\"article:published_time\" content=\"2022-11-10T15:53:04+00:00\" \/>\n<meta property=\"article:modified_time\" content=\"2026-02-05T08:33:58+00:00\" \/>\n<meta property=\"og:image\" content=\"https:\/\/www.bordeaux-population-health.center\/wp-content\/uploads\/2022\/11\/seminiaire_vin_une.jpg\" \/>\n\t<meta property=\"og:image:width\" content=\"509\" \/>\n\t<meta property=\"og:image:height\" content=\"243\" \/>\n\t<meta property=\"og:image:type\" content=\"image\/jpeg\" \/>\n<meta name=\"author\" content=\"Nicolas Koskas\" \/>\n<meta name=\"twitter:card\" content=\"summary_large_image\" \/>\n<meta name=\"twitter:label1\" content=\"\u00c9crit par\" \/>\n\t<meta name=\"twitter:data1\" content=\"Nicolas Koskas\" \/>\n\t<meta name=\"twitter:label2\" content=\"Dur\u00e9e de lecture estim\u00e9e\" \/>\n\t<meta name=\"twitter:data2\" content=\"2 minutes\" \/>\n<script type=\"application\/ld+json\" class=\"yoast-schema-graph\">{\"@context\":\"https:\\\/\\\/schema.org\",\"@graph\":[{\"@type\":\"Article\",\"@id\":\"https:\\\/\\\/www.bordeaux-population-health.center\\\/fr\\\/les-chercheurs-de-lequipe-epicene-du-bph-interviendront-au-prochain-seminaire-vins-environnement-du-15-novembre-prochain-sur-la-question-de-la-sante-en-lien-avec-les-utilisations-de-pestici\\\/#article\",\"isPartOf\":{\"@id\":\"https:\\\/\\\/www.bordeaux-population-health.center\\\/fr\\\/les-chercheurs-de-lequipe-epicene-du-bph-interviendront-au-prochain-seminaire-vins-environnement-du-15-novembre-prochain-sur-la-question-de-la-sante-en-lien-avec-les-utilisations-de-pestici\\\/\"},\"author\":{\"name\":\"Nicolas Koskas\",\"@id\":\"https:\\\/\\\/www.bordeaux-population-health.center\\\/#\\\/schema\\\/person\\\/f2fdc07742e044bb0a3193dc1f103183\"},\"headline\":\"Les chercheurs de l\u2019\u00e9quipe EPICENE du BPH interviendront au prochain s\u00e9minaire Vins &#038; environnement du 15 novembre prochain sur la question de la sant\u00e9 en lien avec les utilisations de pesticides en vigne\",\"datePublished\":\"2022-11-10T15:53:04+00:00\",\"dateModified\":\"2026-02-05T08:33:58+00:00\",\"mainEntityOfPage\":{\"@id\":\"https:\\\/\\\/www.bordeaux-population-health.center\\\/fr\\\/les-chercheurs-de-lequipe-epicene-du-bph-interviendront-au-prochain-seminaire-vins-environnement-du-15-novembre-prochain-sur-la-question-de-la-sante-en-lien-avec-les-utilisations-de-pestici\\\/\"},\"wordCount\":224,\"image\":{\"@id\":\"https:\\\/\\\/www.bordeaux-population-health.center\\\/fr\\\/les-chercheurs-de-lequipe-epicene-du-bph-interviendront-au-prochain-seminaire-vins-environnement-du-15-novembre-prochain-sur-la-question-de-la-sante-en-lien-avec-les-utilisations-de-pestici\\\/#primaryimage\"},\"thumbnailUrl\":\"https:\\\/\\\/www.bordeaux-population-health.center\\\/wp-content\\\/uploads\\\/2022\\\/11\\\/seminiaire_vin_une.jpg\",\"articleSection\":[\"S\u00e9minaires\"],\"inLanguage\":\"fr-FR\"},{\"@type\":\"WebPage\",\"@id\":\"https:\\\/\\\/www.bordeaux-population-health.center\\\/fr\\\/les-chercheurs-de-lequipe-epicene-du-bph-interviendront-au-prochain-seminaire-vins-environnement-du-15-novembre-prochain-sur-la-question-de-la-sante-en-lien-avec-les-utilisations-de-pestici\\\/\",\"url\":\"https:\\\/\\\/www.bordeaux-population-health.center\\\/fr\\\/les-chercheurs-de-lequipe-epicene-du-bph-interviendront-au-prochain-seminaire-vins-environnement-du-15-novembre-prochain-sur-la-question-de-la-sante-en-lien-avec-les-utilisations-de-pestici\\\/\",\"name\":\"Les chercheurs de l\u2019\u00e9quipe EPICENE du BPH interviendront au prochain s\u00e9minaire Vins & environnement du 15 novembre prochain sur la question de la sant\u00e9 en lien avec les utilisations de pesticides en vigne | Bordeaux population health\",\"isPartOf\":{\"@id\":\"https:\\\/\\\/www.bordeaux-population-health.center\\\/#website\"},\"primaryImageOfPage\":{\"@id\":\"https:\\\/\\\/www.bordeaux-population-health.center\\\/fr\\\/les-chercheurs-de-lequipe-epicene-du-bph-interviendront-au-prochain-seminaire-vins-environnement-du-15-novembre-prochain-sur-la-question-de-la-sante-en-lien-avec-les-utilisations-de-pestici\\\/#primaryimage\"},\"image\":{\"@id\":\"https:\\\/\\\/www.bordeaux-population-health.center\\\/fr\\\/les-chercheurs-de-lequipe-epicene-du-bph-interviendront-au-prochain-seminaire-vins-environnement-du-15-novembre-prochain-sur-la-question-de-la-sante-en-lien-avec-les-utilisations-de-pestici\\\/#primaryimage\"},\"thumbnailUrl\":\"https:\\\/\\\/www.bordeaux-population-health.center\\\/wp-content\\\/uploads\\\/2022\\\/11\\\/seminiaire_vin_une.jpg\",\"datePublished\":\"2022-11-10T15:53:04+00:00\",\"dateModified\":\"2026-02-05T08:33:58+00:00\",\"author\":{\"@id\":\"https:\\\/\\\/www.bordeaux-population-health.center\\\/#\\\/schema\\\/person\\\/f2fdc07742e044bb0a3193dc1f103183\"},\"breadcrumb\":{\"@id\":\"https:\\\/\\\/www.bordeaux-population-health.center\\\/fr\\\/les-chercheurs-de-lequipe-epicene-du-bph-interviendront-au-prochain-seminaire-vins-environnement-du-15-novembre-prochain-sur-la-question-de-la-sante-en-lien-avec-les-utilisations-de-pestici\\\/#breadcrumb\"},\"inLanguage\":\"fr-FR\",\"potentialAction\":[{\"@type\":\"ReadAction\",\"target\":[\"https:\\\/\\\/www.bordeaux-population-health.center\\\/fr\\\/les-chercheurs-de-lequipe-epicene-du-bph-interviendront-au-prochain-seminaire-vins-environnement-du-15-novembre-prochain-sur-la-question-de-la-sante-en-lien-avec-les-utilisations-de-pestici\\\/\"]}]},{\"@type\":\"ImageObject\",\"inLanguage\":\"fr-FR\",\"@id\":\"https:\\\/\\\/www.bordeaux-population-health.center\\\/fr\\\/les-chercheurs-de-lequipe-epicene-du-bph-interviendront-au-prochain-seminaire-vins-environnement-du-15-novembre-prochain-sur-la-question-de-la-sante-en-lien-avec-les-utilisations-de-pestici\\\/#primaryimage\",\"url\":\"https:\\\/\\\/www.bordeaux-population-health.center\\\/wp-content\\\/uploads\\\/2022\\\/11\\\/seminiaire_vin_une.jpg\",\"contentUrl\":\"https:\\\/\\\/www.bordeaux-population-health.center\\\/wp-content\\\/uploads\\\/2022\\\/11\\\/seminiaire_vin_une.jpg\",\"width\":509,\"height\":243},{\"@type\":\"BreadcrumbList\",\"@id\":\"https:\\\/\\\/www.bordeaux-population-health.center\\\/fr\\\/les-chercheurs-de-lequipe-epicene-du-bph-interviendront-au-prochain-seminaire-vins-environnement-du-15-novembre-prochain-sur-la-question-de-la-sante-en-lien-avec-les-utilisations-de-pestici\\\/#breadcrumb\",\"itemListElement\":[{\"@type\":\"ListItem\",\"position\":1,\"name\":\"Home\",\"item\":\"https:\\\/\\\/www.bordeaux-population-health.center\\\/fr\\\/\"},{\"@type\":\"ListItem\",\"position\":2,\"name\":\"Les chercheurs de l\u2019\u00e9quipe EPICENE du BPH interviendront au prochain s\u00e9minaire Vins &#038; environnement du 15 novembre prochain sur la question de la sant\u00e9 en lien avec les utilisations de pesticides en vigne\"}]},{\"@type\":\"WebSite\",\"@id\":\"https:\\\/\\\/www.bordeaux-population-health.center\\\/#website\",\"url\":\"https:\\\/\\\/www.bordeaux-population-health.center\\\/\",\"name\":\"Bordeaux population health\",\"description\":\"Centre de recherche situ\u00e9 \u00e0 Bordeaux\",\"potentialAction\":[{\"@type\":\"SearchAction\",\"target\":{\"@type\":\"EntryPoint\",\"urlTemplate\":\"https:\\\/\\\/www.bordeaux-population-health.center\\\/?s={search_term_string}\"},\"query-input\":{\"@type\":\"PropertyValueSpecification\",\"valueRequired\":true,\"valueName\":\"search_term_string\"}}],\"inLanguage\":\"fr-FR\"},{\"@type\":\"Person\",\"@id\":\"https:\\\/\\\/www.bordeaux-population-health.center\\\/#\\\/schema\\\/person\\\/f2fdc07742e044bb0a3193dc1f103183\",\"name\":\"Nicolas Koskas\",\"image\":{\"@type\":\"ImageObject\",\"inLanguage\":\"fr-FR\",\"@id\":\"https:\\\/\\\/secure.gravatar.com\\\/avatar\\\/c571fab758742e9c2609ac88a770e599997498e8ea60ee5d74f8550f0a8a9a0c?s=96&d=mm&r=g\",\"url\":\"https:\\\/\\\/secure.gravatar.com\\\/avatar\\\/c571fab758742e9c2609ac88a770e599997498e8ea60ee5d74f8550f0a8a9a0c?s=96&d=mm&r=g\",\"contentUrl\":\"https:\\\/\\\/secure.gravatar.com\\\/avatar\\\/c571fab758742e9c2609ac88a770e599997498e8ea60ee5d74f8550f0a8a9a0c?s=96&d=mm&r=g\",\"caption\":\"Nicolas Koskas\"},\"url\":\"https:\\\/\\\/www.bordeaux-population-health.center\\\/fr\\\/author\\\/admin_bph\\\/\"}]}<\/script>\n<!-- \/ Yoast SEO plugin. -->","yoast_head_json":{"title":"Les chercheurs de l\u2019\u00e9quipe EPICENE du BPH interviendront au prochain s\u00e9minaire Vins & environnement du 15 novembre prochain sur la question de la sant\u00e9 en lien avec les utilisations de pesticides en vigne | Bordeaux population health","robots":{"index":"index","follow":"follow","max-snippet":"max-snippet:-1","max-image-preview":"max-image-preview:large","max-video-preview":"max-video-preview:-1"},"canonical":"https:\/\/www.bordeaux-population-health.center\/fr\/les-chercheurs-de-lequipe-epicene-du-bph-interviendront-au-prochain-seminaire-vins-environnement-du-15-novembre-prochain-sur-la-question-de-la-sante-en-lien-avec-les-utilisations-de-pestici\/","og_locale":"fr_FR","og_type":"article","og_title":"Les chercheurs de l\u2019\u00e9quipe EPICENE du BPH interviendront au prochain s\u00e9minaire Vins & environnement du 15 novembre prochain sur la question de la sant\u00e9 en lien avec les utilisations de pesticides en vigne | Bordeaux population health","og_description":"Ce 6\u00e8me s\u00e9minaire Vins &amp; environnement organis\u00e9 par l&rsquo;ISVV Institut des Sciences de la Vigne et du Vin de l&rsquo;Universit\u00e9 de Bordeaux, en partenariat avec INNO&rsquo;VIN le cluster de la fili\u00e8re vitivinicole en Nouvelle-Aquitaine portera sur \u00ab Viticulture, pesticides et sante\u0301 : Que r\u00e9colte la recherche ? \u00bb Contact : Isabelle.baldi@u-bordeaux.fr Mathilde Bureau@u-bordeaux.fr Le s\u00e9minaire [&hellip;]","og_url":"https:\/\/www.bordeaux-population-health.center\/fr\/les-chercheurs-de-lequipe-epicene-du-bph-interviendront-au-prochain-seminaire-vins-environnement-du-15-novembre-prochain-sur-la-question-de-la-sante-en-lien-avec-les-utilisations-de-pestici\/","og_site_name":"Bordeaux population health","article_published_time":"2022-11-10T15:53:04+00:00","article_modified_time":"2026-02-05T08:33:58+00:00","og_image":[{"width":509,"height":243,"url":"https:\/\/www.bordeaux-population-health.center\/wp-content\/uploads\/2022\/11\/seminiaire_vin_une.jpg","type":"image\/jpeg"}],"author":"Nicolas Koskas","twitter_card":"summary_large_image","twitter_misc":{"\u00c9crit par":"Nicolas Koskas","Dur\u00e9e de lecture estim\u00e9e":"2 minutes"},"schema":{"@context":"https:\/\/schema.org","@graph":[{"@type":"Article","@id":"https:\/\/www.bordeaux-population-health.center\/fr\/les-chercheurs-de-lequipe-epicene-du-bph-interviendront-au-prochain-seminaire-vins-environnement-du-15-novembre-prochain-sur-la-question-de-la-sante-en-lien-avec-les-utilisations-de-pestici\/#article","isPartOf":{"@id":"https:\/\/www.bordeaux-population-health.center\/fr\/les-chercheurs-de-lequipe-epicene-du-bph-interviendront-au-prochain-seminaire-vins-environnement-du-15-novembre-prochain-sur-la-question-de-la-sante-en-lien-avec-les-utilisations-de-pestici\/"},"author":{"name":"Nicolas Koskas","@id":"https:\/\/www.bordeaux-population-health.center\/#\/schema\/person\/f2fdc07742e044bb0a3193dc1f103183"},"headline":"Les chercheurs de l\u2019\u00e9quipe EPICENE du BPH interviendront au prochain s\u00e9minaire Vins &#038; environnement du 15 novembre prochain sur la question de la sant\u00e9 en lien avec les utilisations de pesticides en vigne","datePublished":"2022-11-10T15:53:04+00:00","dateModified":"2026-02-05T08:33:58+00:00","mainEntityOfPage":{"@id":"https:\/\/www.bordeaux-population-health.center\/fr\/les-chercheurs-de-lequipe-epicene-du-bph-interviendront-au-prochain-seminaire-vins-environnement-du-15-novembre-prochain-sur-la-question-de-la-sante-en-lien-avec-les-utilisations-de-pestici\/"},"wordCount":224,"image":{"@id":"https:\/\/www.bordeaux-population-health.center\/fr\/les-chercheurs-de-lequipe-epicene-du-bph-interviendront-au-prochain-seminaire-vins-environnement-du-15-novembre-prochain-sur-la-question-de-la-sante-en-lien-avec-les-utilisations-de-pestici\/#primaryimage"},"thumbnailUrl":"https:\/\/www.bordeaux-population-health.center\/wp-content\/uploads\/2022\/11\/seminiaire_vin_une.jpg","articleSection":["S\u00e9minaires"],"inLanguage":"fr-FR"},{"@type":"WebPage","@id":"https:\/\/www.bordeaux-population-health.center\/fr\/les-chercheurs-de-lequipe-epicene-du-bph-interviendront-au-prochain-seminaire-vins-environnement-du-15-novembre-prochain-sur-la-question-de-la-sante-en-lien-avec-les-utilisations-de-pestici\/","url":"https:\/\/www.bordeaux-population-health.center\/fr\/les-chercheurs-de-lequipe-epicene-du-bph-interviendront-au-prochain-seminaire-vins-environnement-du-15-novembre-prochain-sur-la-question-de-la-sante-en-lien-avec-les-utilisations-de-pestici\/","name":"Les chercheurs de l\u2019\u00e9quipe EPICENE du BPH interviendront au prochain s\u00e9minaire Vins & environnement du 15 novembre prochain sur la question de la sant\u00e9 en lien avec les utilisations de pesticides en vigne | Bordeaux population health","isPartOf":{"@id":"https:\/\/www.bordeaux-population-health.center\/#website"},"primaryImageOfPage":{"@id":"https:\/\/www.bordeaux-population-health.center\/fr\/les-chercheurs-de-lequipe-epicene-du-bph-interviendront-au-prochain-seminaire-vins-environnement-du-15-novembre-prochain-sur-la-question-de-la-sante-en-lien-avec-les-utilisations-de-pestici\/#primaryimage"},"image":{"@id":"https:\/\/www.bordeaux-population-health.center\/fr\/les-chercheurs-de-lequipe-epicene-du-bph-interviendront-au-prochain-seminaire-vins-environnement-du-15-novembre-prochain-sur-la-question-de-la-sante-en-lien-avec-les-utilisations-de-pestici\/#primaryimage"},"thumbnailUrl":"https:\/\/www.bordeaux-population-health.center\/wp-content\/uploads\/2022\/11\/seminiaire_vin_une.jpg","datePublished":"2022-11-10T15:53:04+00:00","dateModified":"2026-02-05T08:33:58+00:00","author":{"@id":"https:\/\/www.bordeaux-population-health.center\/#\/schema\/person\/f2fdc07742e044bb0a3193dc1f103183"},"breadcrumb":{"@id":"https:\/\/www.bordeaux-population-health.center\/fr\/les-chercheurs-de-lequipe-epicene-du-bph-interviendront-au-prochain-seminaire-vins-environnement-du-15-novembre-prochain-sur-la-question-de-la-sante-en-lien-avec-les-utilisations-de-pestici\/#breadcrumb"},"inLanguage":"fr-FR","potentialAction":[{"@type":"ReadAction","target":["https:\/\/www.bordeaux-population-health.center\/fr\/les-chercheurs-de-lequipe-epicene-du-bph-interviendront-au-prochain-seminaire-vins-environnement-du-15-novembre-prochain-sur-la-question-de-la-sante-en-lien-avec-les-utilisations-de-pestici\/"]}]},{"@type":"ImageObject","inLanguage":"fr-FR","@id":"https:\/\/www.bordeaux-population-health.center\/fr\/les-chercheurs-de-lequipe-epicene-du-bph-interviendront-au-prochain-seminaire-vins-environnement-du-15-novembre-prochain-sur-la-question-de-la-sante-en-lien-avec-les-utilisations-de-pestici\/#primaryimage","url":"https:\/\/www.bordeaux-population-health.center\/wp-content\/uploads\/2022\/11\/seminiaire_vin_une.jpg","contentUrl":"https:\/\/www.bordeaux-population-health.center\/wp-content\/uploads\/2022\/11\/seminiaire_vin_une.jpg","width":509,"height":243},{"@type":"BreadcrumbList","@id":"https:\/\/www.bordeaux-population-health.center\/fr\/les-chercheurs-de-lequipe-epicene-du-bph-interviendront-au-prochain-seminaire-vins-environnement-du-15-novembre-prochain-sur-la-question-de-la-sante-en-lien-avec-les-utilisations-de-pestici\/#breadcrumb","itemListElement":[{"@type":"ListItem","position":1,"name":"Home","item":"https:\/\/www.bordeaux-population-health.center\/fr\/"},{"@type":"ListItem","position":2,"name":"Les chercheurs de l\u2019\u00e9quipe EPICENE du BPH interviendront au prochain s\u00e9minaire Vins &#038; environnement du 15 novembre prochain sur la question de la sant\u00e9 en lien avec les utilisations de pesticides en vigne"}]},{"@type":"WebSite","@id":"https:\/\/www.bordeaux-population-health.center\/#website","url":"https:\/\/www.bordeaux-population-health.center\/","name":"Bordeaux population health","description":"Centre de recherche situ\u00e9 \u00e0 Bordeaux","potentialAction":[{"@type":"SearchAction","target":{"@type":"EntryPoint","urlTemplate":"https:\/\/www.bordeaux-population-health.center\/?s={search_term_string}"},"query-input":{"@type":"PropertyValueSpecification","valueRequired":true,"valueName":"search_term_string"}}],"inLanguage":"fr-FR"},{"@type":"Person","@id":"https:\/\/www.bordeaux-population-health.center\/#\/schema\/person\/f2fdc07742e044bb0a3193dc1f103183","name":"Nicolas Koskas","image":{"@type":"ImageObject","inLanguage":"fr-FR","@id":"https:\/\/secure.gravatar.com\/avatar\/c571fab758742e9c2609ac88a770e599997498e8ea60ee5d74f8550f0a8a9a0c?s=96&d=mm&r=g","url":"https:\/\/secure.gravatar.com\/avatar\/c571fab758742e9c2609ac88a770e599997498e8ea60ee5d74f8550f0a8a9a0c?s=96&d=mm&r=g","contentUrl":"https:\/\/secure.gravatar.com\/avatar\/c571fab758742e9c2609ac88a770e599997498e8ea60ee5d74f8550f0a8a9a0c?s=96&d=mm&r=g","caption":"Nicolas Koskas"},"url":"https:\/\/www.bordeaux-population-health.center\/fr\/author\/admin_bph\/"}]}},"_links":{"self":[{"href":"https:\/\/www.bordeaux-population-health.center\/fr\/wp-json\/wp\/v2\/posts\/2333","targetHints":{"allow":["GET"]}}],"collection":[{"href":"https:\/\/www.bordeaux-population-health.center\/fr\/wp-json\/wp\/v2\/posts"}],"about":[{"href":"https:\/\/www.bordeaux-population-health.center\/fr\/wp-json\/wp\/v2\/types\/post"}],"author":[{"embeddable":true,"href":"https:\/\/www.bordeaux-population-health.center\/fr\/wp-json\/wp\/v2\/users\/613"}],"replies":[{"embeddable":true,"href":"https:\/\/www.bordeaux-population-health.center\/fr\/wp-json\/wp\/v2\/comments?post=2333"}],"version-history":[{"count":1,"href":"https:\/\/www.bordeaux-population-health.center\/fr\/wp-json\/wp\/v2\/posts\/2333\/revisions"}],"predecessor-version":[{"id":13124,"href":"https:\/\/www.bordeaux-population-health.center\/fr\/wp-json\/wp\/v2\/posts\/2333\/revisions\/13124"}],"wp:featuredmedia":[{"embeddable":true,"href":"https:\/\/www.bordeaux-population-health.center\/fr\/wp-json\/wp\/v2\/media\/1730"}],"wp:attachment":[{"href":"https:\/\/www.bordeaux-population-health.center\/fr\/wp-json\/wp\/v2\/media?parent=2333"}],"wp:term":[{"taxonomy":"category","embeddable":true,"href":"https:\/\/www.bordeaux-population-health.center\/fr\/wp-json\/wp\/v2\/categories?post=2333"},{"taxonomy":"post_tag","embeddable":true,"href":"https:\/\/www.bordeaux-population-health.center\/fr\/wp-json\/wp\/v2\/tags?post=2333"}],"curies":[{"name":"wp","href":"https:\/\/api.w.org\/{rel}","templated":true}]}}