{"id":12670,"date":"2025-12-19T15:35:04","date_gmt":"2025-12-19T14:35:04","guid":{"rendered":"https:\/\/www.bordeaux-population-health.center\/seminaire-exceptionnel-regards-croises-analyse-de-la-decision-francaise-de-ne-pas-rembourser-un-traitement-anti-alzheimer\/"},"modified":"2026-02-05T08:51:07","modified_gmt":"2026-02-05T07:51:07","slug":"seminaire-exceptionnel-regards-croises-analyse-de-la-decision-francaise-de-ne-pas-rembourser-un-traitement-anti-alzheimer","status":"publish","type":"post","link":"https:\/\/www.bordeaux-population-health.center\/fr\/seminaire-exceptionnel-regards-croises-analyse-de-la-decision-francaise-de-ne-pas-rembourser-un-traitement-anti-alzheimer\/","title":{"rendered":"SEMINAIRE EXCEPTIONNEL I Regards crois\u00e9s : Analyse de la d\u00e9cision fran\u00e7aise de ne pas rembourser un traitement anti-Alzheimer"},"content":{"rendered":"<p>La Commission de transparence de la Haute Autorit\u00e9 de Sant\u00e9 a r\u00e9cemment pris la d\u00e9cision de\u00a0<b>non-remboursement<\/b><br \/>\nd&rsquo;un m\u00e9dicament anti-Alzheimer (Lecanemab)\u00a0 qui avait obtenu une autorisation de mise sur le march\u00e9 sur le territoire de l&rsquo;union europ\u00e9enne.<\/p>\n<h1><\/h1>\n<h1><b>Quels enjeux scientifiques, cliniques et m\u00e9dico-\u00e9conomiques expliquent ou challengent cette d\u00e9cision ?<\/b><\/h1>\n<h1><\/h1>\n<p>&nbsp;<\/p>\n<p>Pour en d\u00e9battre, nous aurons des pr\u00e9sentations d&rsquo;experts de diff\u00e9rents horizons :<\/p>\n<p>&#8211;\u00a0<strong>Driss Berda\u00ef<\/strong>\u00a0(Pharmacologie M\u00e9dicale)<br \/>\n&#8211;\u00a0<strong>Vincent Planche<\/strong>\u00a0(Neurologue)<br \/>\n&#8211;\u00a0<strong>Cl\u00e9mence Th\u00e9baut<\/strong>\u00a0(\u00c9conomiste de la sant\u00e9)<\/p>\n<p><strong>Discutants<\/strong><b>\u00a0<\/b>:\u00a0<strong>Carole Dufouil\u00a0<\/strong>(\u00c9pid\u00e9miologie),\u00a0<strong>Thibaud Haaser<\/strong>\u00a0(Bio\u00e9thique et \u00c9thique M\u00e9dicale)<\/p>\n<p>&nbsp;<\/p>\n<p>&nbsp;<\/p>\n<p>&nbsp;<\/p>\n<p><img loading=\"lazy\" decoding=\"async\" class=\"aligncenter wp-image-12662 size-large\" src=\"https:\/\/www.bordeaux-population-health.center\/wp-content\/uploads\/2025\/12\/Seminaire-exceptionnel-724x1024.jpg\" alt=\"\" width=\"724\" height=\"1024\" srcset=\"https:\/\/www.bordeaux-population-health.center\/wp-content\/uploads\/2025\/12\/Seminaire-exceptionnel-724x1024.jpg 724w, https:\/\/www.bordeaux-population-health.center\/wp-content\/uploads\/2025\/12\/Seminaire-exceptionnel-212x300.jpg 212w, https:\/\/www.bordeaux-population-health.center\/wp-content\/uploads\/2025\/12\/Seminaire-exceptionnel-768x1086.jpg 768w, https:\/\/www.bordeaux-population-health.center\/wp-content\/uploads\/2025\/12\/Seminaire-exceptionnel-1086x1536.jpg 1086w, https:\/\/www.bordeaux-population-health.center\/wp-content\/uploads\/2025\/12\/Seminaire-exceptionnel.jpg 1414w\" sizes=\"auto, (max-width: 724px) 100vw, 724px\" \/><\/p>\n<p>&nbsp;<\/p>\n<p>&nbsp;<\/p>\n<p>Ouvert \u00e0 tous, en pr\u00e9sentiel<\/p>\n<p><strong>\ud83d\udcc5 Mardi 6 janvier 2026 \u00e0 16h00 &#8211; 17h30<\/strong><\/p>\n<p><strong>\ud83d\udccd Amphi Louis \u2013 ISPED \u2013 Campus Carreire , universit\u00e9 de Bordeaux, 146 Rue L\u00e9o Saignat, 33000 Bordeaux<\/strong><\/p>\n<p>&nbsp;<\/p>\n","protected":false},"excerpt":{"rendered":"<p>La Commission de transparence de la Haute Autorit\u00e9 de Sant\u00e9 a r\u00e9cemment pris la d\u00e9cision de\u00a0non-remboursement d&rsquo;un m\u00e9dicament anti-Alzheimer (Lecanemab)\u00a0 qui avait obtenu une autorisation de mise sur le march\u00e9 sur le territoire de l&rsquo;union europ\u00e9enne. Quels enjeux scientifiques, cliniques et m\u00e9dico-\u00e9conomiques expliquent ou challengent cette d\u00e9cision ? &nbsp; Pour en d\u00e9battre, nous aurons des [&hellip;]<\/p>\n","protected":false},"author":851,"featured_media":12666,"comment_status":"closed","ping_status":"closed","sticky":false,"template":"","format":"standard","meta":{"_acf_changed":false,"footnotes":""},"categories":[],"tags":[],"class_list":["post-12670","post","type-post","status-publish","format-standard","has-post-thumbnail","hentry"],"acf":[],"yoast_head":"<!-- This site is optimized with the Yoast SEO plugin v27.5 - https:\/\/yoast.com\/product\/yoast-seo-wordpress\/ -->\n<title>SEMINAIRE EXCEPTIONNEL I Regards crois\u00e9s : Analyse de la d\u00e9cision fran\u00e7aise de ne pas rembourser un traitement anti-Alzheimer | Bordeaux population health<\/title>\n<meta name=\"robots\" content=\"index, follow, max-snippet:-1, max-image-preview:large, max-video-preview:-1\" \/>\n<link rel=\"canonical\" href=\"https:\/\/www.bordeaux-population-health.center\/fr\/seminaire-exceptionnel-regards-croises-analyse-de-la-decision-francaise-de-ne-pas-rembourser-un-traitement-anti-alzheimer\/\" \/>\n<meta property=\"og:locale\" content=\"fr_FR\" \/>\n<meta property=\"og:type\" content=\"article\" \/>\n<meta property=\"og:title\" content=\"SEMINAIRE EXCEPTIONNEL I Regards crois\u00e9s : Analyse de la d\u00e9cision fran\u00e7aise de ne pas rembourser un traitement anti-Alzheimer | Bordeaux population health\" \/>\n<meta property=\"og:description\" content=\"La Commission de transparence de la Haute Autorit\u00e9 de Sant\u00e9 a r\u00e9cemment pris la d\u00e9cision de\u00a0non-remboursement d&rsquo;un m\u00e9dicament anti-Alzheimer (Lecanemab)\u00a0 qui avait obtenu une autorisation de mise sur le march\u00e9 sur le territoire de l&rsquo;union europ\u00e9enne. Quels enjeux scientifiques, cliniques et m\u00e9dico-\u00e9conomiques expliquent ou challengent cette d\u00e9cision ? &nbsp; Pour en d\u00e9battre, nous aurons des [&hellip;]\" \/>\n<meta property=\"og:url\" content=\"https:\/\/www.bordeaux-population-health.center\/fr\/seminaire-exceptionnel-regards-croises-analyse-de-la-decision-francaise-de-ne-pas-rembourser-un-traitement-anti-alzheimer\/\" \/>\n<meta property=\"og:site_name\" content=\"Bordeaux population health\" \/>\n<meta property=\"article:published_time\" content=\"2025-12-19T14:35:04+00:00\" \/>\n<meta property=\"article:modified_time\" content=\"2026-02-05T07:51:07+00:00\" \/>\n<meta property=\"og:image\" content=\"https:\/\/www.bordeaux-population-health.center\/wp-content\/uploads\/2025\/12\/bandeau-Seminaire-exceptionnel.jpg\" \/>\n\t<meta property=\"og:image:width\" content=\"1414\" \/>\n\t<meta property=\"og:image:height\" content=\"761\" \/>\n\t<meta property=\"og:image:type\" content=\"image\/jpeg\" \/>\n<meta name=\"author\" content=\"admin_GARCIA\" \/>\n<meta name=\"twitter:card\" content=\"summary_large_image\" \/>\n<meta name=\"twitter:label1\" content=\"\u00c9crit par\" \/>\n\t<meta name=\"twitter:data1\" content=\"admin_GARCIA\" \/>\n\t<meta name=\"twitter:label2\" content=\"Dur\u00e9e de lecture estim\u00e9e\" \/>\n\t<meta name=\"twitter:data2\" content=\"1 minute\" \/>\n<script type=\"application\/ld+json\" class=\"yoast-schema-graph\">{\"@context\":\"https:\\\/\\\/schema.org\",\"@graph\":[{\"@type\":\"Article\",\"@id\":\"https:\\\/\\\/www.bordeaux-population-health.center\\\/fr\\\/seminaire-exceptionnel-regards-croises-analyse-de-la-decision-francaise-de-ne-pas-rembourser-un-traitement-anti-alzheimer\\\/#article\",\"isPartOf\":{\"@id\":\"https:\\\/\\\/www.bordeaux-population-health.center\\\/fr\\\/seminaire-exceptionnel-regards-croises-analyse-de-la-decision-francaise-de-ne-pas-rembourser-un-traitement-anti-alzheimer\\\/\"},\"author\":{\"name\":\"admin_GARCIA\",\"@id\":\"https:\\\/\\\/www.bordeaux-population-health.center\\\/#\\\/schema\\\/person\\\/a34d3e30b7a71464aa2f8202938ef030\"},\"headline\":\"SEMINAIRE EXCEPTIONNEL I Regards crois\u00e9s : Analyse de la d\u00e9cision fran\u00e7aise de ne pas rembourser un traitement anti-Alzheimer\",\"datePublished\":\"2025-12-19T14:35:04+00:00\",\"dateModified\":\"2026-02-05T07:51:07+00:00\",\"mainEntityOfPage\":{\"@id\":\"https:\\\/\\\/www.bordeaux-population-health.center\\\/fr\\\/seminaire-exceptionnel-regards-croises-analyse-de-la-decision-francaise-de-ne-pas-rembourser-un-traitement-anti-alzheimer\\\/\"},\"wordCount\":154,\"image\":{\"@id\":\"https:\\\/\\\/www.bordeaux-population-health.center\\\/fr\\\/seminaire-exceptionnel-regards-croises-analyse-de-la-decision-francaise-de-ne-pas-rembourser-un-traitement-anti-alzheimer\\\/#primaryimage\"},\"thumbnailUrl\":\"https:\\\/\\\/www.bordeaux-population-health.center\\\/wp-content\\\/uploads\\\/2025\\\/12\\\/bandeau-Seminaire-exceptionnel.jpg\",\"inLanguage\":\"fr-FR\"},{\"@type\":\"WebPage\",\"@id\":\"https:\\\/\\\/www.bordeaux-population-health.center\\\/fr\\\/seminaire-exceptionnel-regards-croises-analyse-de-la-decision-francaise-de-ne-pas-rembourser-un-traitement-anti-alzheimer\\\/\",\"url\":\"https:\\\/\\\/www.bordeaux-population-health.center\\\/fr\\\/seminaire-exceptionnel-regards-croises-analyse-de-la-decision-francaise-de-ne-pas-rembourser-un-traitement-anti-alzheimer\\\/\",\"name\":\"SEMINAIRE EXCEPTIONNEL I Regards crois\u00e9s : Analyse de la d\u00e9cision fran\u00e7aise de ne pas rembourser un traitement anti-Alzheimer | Bordeaux population health\",\"isPartOf\":{\"@id\":\"https:\\\/\\\/www.bordeaux-population-health.center\\\/#website\"},\"primaryImageOfPage\":{\"@id\":\"https:\\\/\\\/www.bordeaux-population-health.center\\\/fr\\\/seminaire-exceptionnel-regards-croises-analyse-de-la-decision-francaise-de-ne-pas-rembourser-un-traitement-anti-alzheimer\\\/#primaryimage\"},\"image\":{\"@id\":\"https:\\\/\\\/www.bordeaux-population-health.center\\\/fr\\\/seminaire-exceptionnel-regards-croises-analyse-de-la-decision-francaise-de-ne-pas-rembourser-un-traitement-anti-alzheimer\\\/#primaryimage\"},\"thumbnailUrl\":\"https:\\\/\\\/www.bordeaux-population-health.center\\\/wp-content\\\/uploads\\\/2025\\\/12\\\/bandeau-Seminaire-exceptionnel.jpg\",\"datePublished\":\"2025-12-19T14:35:04+00:00\",\"dateModified\":\"2026-02-05T07:51:07+00:00\",\"author\":{\"@id\":\"https:\\\/\\\/www.bordeaux-population-health.center\\\/#\\\/schema\\\/person\\\/a34d3e30b7a71464aa2f8202938ef030\"},\"breadcrumb\":{\"@id\":\"https:\\\/\\\/www.bordeaux-population-health.center\\\/fr\\\/seminaire-exceptionnel-regards-croises-analyse-de-la-decision-francaise-de-ne-pas-rembourser-un-traitement-anti-alzheimer\\\/#breadcrumb\"},\"inLanguage\":\"fr-FR\",\"potentialAction\":[{\"@type\":\"ReadAction\",\"target\":[\"https:\\\/\\\/www.bordeaux-population-health.center\\\/fr\\\/seminaire-exceptionnel-regards-croises-analyse-de-la-decision-francaise-de-ne-pas-rembourser-un-traitement-anti-alzheimer\\\/\"]}]},{\"@type\":\"ImageObject\",\"inLanguage\":\"fr-FR\",\"@id\":\"https:\\\/\\\/www.bordeaux-population-health.center\\\/fr\\\/seminaire-exceptionnel-regards-croises-analyse-de-la-decision-francaise-de-ne-pas-rembourser-un-traitement-anti-alzheimer\\\/#primaryimage\",\"url\":\"https:\\\/\\\/www.bordeaux-population-health.center\\\/wp-content\\\/uploads\\\/2025\\\/12\\\/bandeau-Seminaire-exceptionnel.jpg\",\"contentUrl\":\"https:\\\/\\\/www.bordeaux-population-health.center\\\/wp-content\\\/uploads\\\/2025\\\/12\\\/bandeau-Seminaire-exceptionnel.jpg\",\"width\":1414,\"height\":761},{\"@type\":\"BreadcrumbList\",\"@id\":\"https:\\\/\\\/www.bordeaux-population-health.center\\\/fr\\\/seminaire-exceptionnel-regards-croises-analyse-de-la-decision-francaise-de-ne-pas-rembourser-un-traitement-anti-alzheimer\\\/#breadcrumb\",\"itemListElement\":[{\"@type\":\"ListItem\",\"position\":1,\"name\":\"Home\",\"item\":\"https:\\\/\\\/www.bordeaux-population-health.center\\\/fr\\\/\"},{\"@type\":\"ListItem\",\"position\":2,\"name\":\"SEMINAIRE EXCEPTIONNEL I Regards crois\u00e9s : Analyse de la d\u00e9cision fran\u00e7aise de ne pas rembourser un traitement anti-Alzheimer\"}]},{\"@type\":\"WebSite\",\"@id\":\"https:\\\/\\\/www.bordeaux-population-health.center\\\/#website\",\"url\":\"https:\\\/\\\/www.bordeaux-population-health.center\\\/\",\"name\":\"Bordeaux population health\",\"description\":\"Centre de recherche situ\u00e9 \u00e0 Bordeaux\",\"potentialAction\":[{\"@type\":\"SearchAction\",\"target\":{\"@type\":\"EntryPoint\",\"urlTemplate\":\"https:\\\/\\\/www.bordeaux-population-health.center\\\/?s={search_term_string}\"},\"query-input\":{\"@type\":\"PropertyValueSpecification\",\"valueRequired\":true,\"valueName\":\"search_term_string\"}}],\"inLanguage\":\"fr-FR\"},{\"@type\":\"Person\",\"@id\":\"https:\\\/\\\/www.bordeaux-population-health.center\\\/#\\\/schema\\\/person\\\/a34d3e30b7a71464aa2f8202938ef030\",\"name\":\"admin_GARCIA\",\"image\":{\"@type\":\"ImageObject\",\"inLanguage\":\"fr-FR\",\"@id\":\"https:\\\/\\\/secure.gravatar.com\\\/avatar\\\/de46b5c17d482f6017569adaf280ea8c343e839f383aae8951a371f3f0a5e6d7?s=96&d=mm&r=g\",\"url\":\"https:\\\/\\\/secure.gravatar.com\\\/avatar\\\/de46b5c17d482f6017569adaf280ea8c343e839f383aae8951a371f3f0a5e6d7?s=96&d=mm&r=g\",\"contentUrl\":\"https:\\\/\\\/secure.gravatar.com\\\/avatar\\\/de46b5c17d482f6017569adaf280ea8c343e839f383aae8951a371f3f0a5e6d7?s=96&d=mm&r=g\",\"caption\":\"admin_GARCIA\"},\"url\":\"https:\\\/\\\/www.bordeaux-population-health.center\\\/fr\\\/author\\\/admin_garcia\\\/\"}]}<\/script>\n<!-- \/ Yoast SEO plugin. -->","yoast_head_json":{"title":"SEMINAIRE EXCEPTIONNEL I Regards crois\u00e9s : Analyse de la d\u00e9cision fran\u00e7aise de ne pas rembourser un traitement anti-Alzheimer | Bordeaux population health","robots":{"index":"index","follow":"follow","max-snippet":"max-snippet:-1","max-image-preview":"max-image-preview:large","max-video-preview":"max-video-preview:-1"},"canonical":"https:\/\/www.bordeaux-population-health.center\/fr\/seminaire-exceptionnel-regards-croises-analyse-de-la-decision-francaise-de-ne-pas-rembourser-un-traitement-anti-alzheimer\/","og_locale":"fr_FR","og_type":"article","og_title":"SEMINAIRE EXCEPTIONNEL I Regards crois\u00e9s : Analyse de la d\u00e9cision fran\u00e7aise de ne pas rembourser un traitement anti-Alzheimer | Bordeaux population health","og_description":"La Commission de transparence de la Haute Autorit\u00e9 de Sant\u00e9 a r\u00e9cemment pris la d\u00e9cision de\u00a0non-remboursement d&rsquo;un m\u00e9dicament anti-Alzheimer (Lecanemab)\u00a0 qui avait obtenu une autorisation de mise sur le march\u00e9 sur le territoire de l&rsquo;union europ\u00e9enne. Quels enjeux scientifiques, cliniques et m\u00e9dico-\u00e9conomiques expliquent ou challengent cette d\u00e9cision ? &nbsp; Pour en d\u00e9battre, nous aurons des [&hellip;]","og_url":"https:\/\/www.bordeaux-population-health.center\/fr\/seminaire-exceptionnel-regards-croises-analyse-de-la-decision-francaise-de-ne-pas-rembourser-un-traitement-anti-alzheimer\/","og_site_name":"Bordeaux population health","article_published_time":"2025-12-19T14:35:04+00:00","article_modified_time":"2026-02-05T07:51:07+00:00","og_image":[{"width":1414,"height":761,"url":"https:\/\/www.bordeaux-population-health.center\/wp-content\/uploads\/2025\/12\/bandeau-Seminaire-exceptionnel.jpg","type":"image\/jpeg"}],"author":"admin_GARCIA","twitter_card":"summary_large_image","twitter_misc":{"\u00c9crit par":"admin_GARCIA","Dur\u00e9e de lecture estim\u00e9e":"1 minute"},"schema":{"@context":"https:\/\/schema.org","@graph":[{"@type":"Article","@id":"https:\/\/www.bordeaux-population-health.center\/fr\/seminaire-exceptionnel-regards-croises-analyse-de-la-decision-francaise-de-ne-pas-rembourser-un-traitement-anti-alzheimer\/#article","isPartOf":{"@id":"https:\/\/www.bordeaux-population-health.center\/fr\/seminaire-exceptionnel-regards-croises-analyse-de-la-decision-francaise-de-ne-pas-rembourser-un-traitement-anti-alzheimer\/"},"author":{"name":"admin_GARCIA","@id":"https:\/\/www.bordeaux-population-health.center\/#\/schema\/person\/a34d3e30b7a71464aa2f8202938ef030"},"headline":"SEMINAIRE EXCEPTIONNEL I Regards crois\u00e9s : Analyse de la d\u00e9cision fran\u00e7aise de ne pas rembourser un traitement anti-Alzheimer","datePublished":"2025-12-19T14:35:04+00:00","dateModified":"2026-02-05T07:51:07+00:00","mainEntityOfPage":{"@id":"https:\/\/www.bordeaux-population-health.center\/fr\/seminaire-exceptionnel-regards-croises-analyse-de-la-decision-francaise-de-ne-pas-rembourser-un-traitement-anti-alzheimer\/"},"wordCount":154,"image":{"@id":"https:\/\/www.bordeaux-population-health.center\/fr\/seminaire-exceptionnel-regards-croises-analyse-de-la-decision-francaise-de-ne-pas-rembourser-un-traitement-anti-alzheimer\/#primaryimage"},"thumbnailUrl":"https:\/\/www.bordeaux-population-health.center\/wp-content\/uploads\/2025\/12\/bandeau-Seminaire-exceptionnel.jpg","inLanguage":"fr-FR"},{"@type":"WebPage","@id":"https:\/\/www.bordeaux-population-health.center\/fr\/seminaire-exceptionnel-regards-croises-analyse-de-la-decision-francaise-de-ne-pas-rembourser-un-traitement-anti-alzheimer\/","url":"https:\/\/www.bordeaux-population-health.center\/fr\/seminaire-exceptionnel-regards-croises-analyse-de-la-decision-francaise-de-ne-pas-rembourser-un-traitement-anti-alzheimer\/","name":"SEMINAIRE EXCEPTIONNEL I Regards crois\u00e9s : Analyse de la d\u00e9cision fran\u00e7aise de ne pas rembourser un traitement anti-Alzheimer | Bordeaux population health","isPartOf":{"@id":"https:\/\/www.bordeaux-population-health.center\/#website"},"primaryImageOfPage":{"@id":"https:\/\/www.bordeaux-population-health.center\/fr\/seminaire-exceptionnel-regards-croises-analyse-de-la-decision-francaise-de-ne-pas-rembourser-un-traitement-anti-alzheimer\/#primaryimage"},"image":{"@id":"https:\/\/www.bordeaux-population-health.center\/fr\/seminaire-exceptionnel-regards-croises-analyse-de-la-decision-francaise-de-ne-pas-rembourser-un-traitement-anti-alzheimer\/#primaryimage"},"thumbnailUrl":"https:\/\/www.bordeaux-population-health.center\/wp-content\/uploads\/2025\/12\/bandeau-Seminaire-exceptionnel.jpg","datePublished":"2025-12-19T14:35:04+00:00","dateModified":"2026-02-05T07:51:07+00:00","author":{"@id":"https:\/\/www.bordeaux-population-health.center\/#\/schema\/person\/a34d3e30b7a71464aa2f8202938ef030"},"breadcrumb":{"@id":"https:\/\/www.bordeaux-population-health.center\/fr\/seminaire-exceptionnel-regards-croises-analyse-de-la-decision-francaise-de-ne-pas-rembourser-un-traitement-anti-alzheimer\/#breadcrumb"},"inLanguage":"fr-FR","potentialAction":[{"@type":"ReadAction","target":["https:\/\/www.bordeaux-population-health.center\/fr\/seminaire-exceptionnel-regards-croises-analyse-de-la-decision-francaise-de-ne-pas-rembourser-un-traitement-anti-alzheimer\/"]}]},{"@type":"ImageObject","inLanguage":"fr-FR","@id":"https:\/\/www.bordeaux-population-health.center\/fr\/seminaire-exceptionnel-regards-croises-analyse-de-la-decision-francaise-de-ne-pas-rembourser-un-traitement-anti-alzheimer\/#primaryimage","url":"https:\/\/www.bordeaux-population-health.center\/wp-content\/uploads\/2025\/12\/bandeau-Seminaire-exceptionnel.jpg","contentUrl":"https:\/\/www.bordeaux-population-health.center\/wp-content\/uploads\/2025\/12\/bandeau-Seminaire-exceptionnel.jpg","width":1414,"height":761},{"@type":"BreadcrumbList","@id":"https:\/\/www.bordeaux-population-health.center\/fr\/seminaire-exceptionnel-regards-croises-analyse-de-la-decision-francaise-de-ne-pas-rembourser-un-traitement-anti-alzheimer\/#breadcrumb","itemListElement":[{"@type":"ListItem","position":1,"name":"Home","item":"https:\/\/www.bordeaux-population-health.center\/fr\/"},{"@type":"ListItem","position":2,"name":"SEMINAIRE EXCEPTIONNEL I Regards crois\u00e9s : Analyse de la d\u00e9cision fran\u00e7aise de ne pas rembourser un traitement anti-Alzheimer"}]},{"@type":"WebSite","@id":"https:\/\/www.bordeaux-population-health.center\/#website","url":"https:\/\/www.bordeaux-population-health.center\/","name":"Bordeaux population health","description":"Centre de recherche situ\u00e9 \u00e0 Bordeaux","potentialAction":[{"@type":"SearchAction","target":{"@type":"EntryPoint","urlTemplate":"https:\/\/www.bordeaux-population-health.center\/?s={search_term_string}"},"query-input":{"@type":"PropertyValueSpecification","valueRequired":true,"valueName":"search_term_string"}}],"inLanguage":"fr-FR"},{"@type":"Person","@id":"https:\/\/www.bordeaux-population-health.center\/#\/schema\/person\/a34d3e30b7a71464aa2f8202938ef030","name":"admin_GARCIA","image":{"@type":"ImageObject","inLanguage":"fr-FR","@id":"https:\/\/secure.gravatar.com\/avatar\/de46b5c17d482f6017569adaf280ea8c343e839f383aae8951a371f3f0a5e6d7?s=96&d=mm&r=g","url":"https:\/\/secure.gravatar.com\/avatar\/de46b5c17d482f6017569adaf280ea8c343e839f383aae8951a371f3f0a5e6d7?s=96&d=mm&r=g","contentUrl":"https:\/\/secure.gravatar.com\/avatar\/de46b5c17d482f6017569adaf280ea8c343e839f383aae8951a371f3f0a5e6d7?s=96&d=mm&r=g","caption":"admin_GARCIA"},"url":"https:\/\/www.bordeaux-population-health.center\/fr\/author\/admin_garcia\/"}]}},"_links":{"self":[{"href":"https:\/\/www.bordeaux-population-health.center\/fr\/wp-json\/wp\/v2\/posts\/12670","targetHints":{"allow":["GET"]}}],"collection":[{"href":"https:\/\/www.bordeaux-population-health.center\/fr\/wp-json\/wp\/v2\/posts"}],"about":[{"href":"https:\/\/www.bordeaux-population-health.center\/fr\/wp-json\/wp\/v2\/types\/post"}],"author":[{"embeddable":true,"href":"https:\/\/www.bordeaux-population-health.center\/fr\/wp-json\/wp\/v2\/users\/851"}],"replies":[{"embeddable":true,"href":"https:\/\/www.bordeaux-population-health.center\/fr\/wp-json\/wp\/v2\/comments?post=12670"}],"version-history":[{"count":4,"href":"https:\/\/www.bordeaux-population-health.center\/fr\/wp-json\/wp\/v2\/posts\/12670\/revisions"}],"predecessor-version":[{"id":12676,"href":"https:\/\/www.bordeaux-population-health.center\/fr\/wp-json\/wp\/v2\/posts\/12670\/revisions\/12676"}],"wp:featuredmedia":[{"embeddable":true,"href":"https:\/\/www.bordeaux-population-health.center\/fr\/wp-json\/wp\/v2\/media\/12666"}],"wp:attachment":[{"href":"https:\/\/www.bordeaux-population-health.center\/fr\/wp-json\/wp\/v2\/media?parent=12670"}],"wp:term":[{"taxonomy":"category","embeddable":true,"href":"https:\/\/www.bordeaux-population-health.center\/fr\/wp-json\/wp\/v2\/categories?post=12670"},{"taxonomy":"post_tag","embeddable":true,"href":"https:\/\/www.bordeaux-population-health.center\/fr\/wp-json\/wp\/v2\/tags?post=12670"}],"curies":[{"name":"wp","href":"https:\/\/api.w.org\/{rel}","templated":true}]}}