{"id":12654,"date":"2025-12-17T10:31:40","date_gmt":"2025-12-17T09:31:40","guid":{"rendered":"https:\/\/www.bordeaux-population-health.center\/mini-symposium-en-lhonneur-du-pr-philippe-morlat\/"},"modified":"2026-02-05T08:51:13","modified_gmt":"2026-02-05T07:51:13","slug":"mini-symposium-en-lhonneur-du-pr-philippe-morlat","status":"publish","type":"post","link":"https:\/\/www.bordeaux-population-health.center\/fr\/mini-symposium-en-lhonneur-du-pr-philippe-morlat\/","title":{"rendered":"Mini-symposium en l&rsquo;honneur du Professeur Philippe Morlat"},"content":{"rendered":"<p>Mini-symposium en l&rsquo;honneur de <strong>Philippe Morlat, Professeur \u00e9m\u00e9rite \u00e0 l&rsquo;universit\u00e9 de Bordeaux et<\/strong> membre de l&rsquo;<strong>\u00e9quipe PHAres du BPH<\/strong>, \u00e0 l&rsquo;occasion de son d\u00e9part \u00e0 la retraite.<\/p>\n<p>&nbsp;<\/p>\n<h1 style=\"text-align: center;\">\u00ab Hommage au professeur Philippe Morlat : quand la recherche clinique \u00e9claire les soins de sant\u00e9 et la sant\u00e9 publique \u00bb<\/h1>\n<p>&nbsp;<\/p>\n<p>&nbsp;<\/p>\n<p><img loading=\"lazy\" decoding=\"async\" class=\"aligncenter wp-image-12645 size-large\" src=\"https:\/\/www.bordeaux-population-health.center\/wp-content\/uploads\/2025\/12\/Purple-White-Modern-Speaker-Poster-724x1024.jpg\" alt=\"\" width=\"724\" height=\"1024\" srcset=\"https:\/\/www.bordeaux-population-health.center\/wp-content\/uploads\/2025\/12\/Purple-White-Modern-Speaker-Poster-724x1024.jpg 724w, https:\/\/www.bordeaux-population-health.center\/wp-content\/uploads\/2025\/12\/Purple-White-Modern-Speaker-Poster-212x300.jpg 212w, https:\/\/www.bordeaux-population-health.center\/wp-content\/uploads\/2025\/12\/Purple-White-Modern-Speaker-Poster-768x1086.jpg 768w, https:\/\/www.bordeaux-population-health.center\/wp-content\/uploads\/2025\/12\/Purple-White-Modern-Speaker-Poster-1086x1536.jpg 1086w, https:\/\/www.bordeaux-population-health.center\/wp-content\/uploads\/2025\/12\/Purple-White-Modern-Speaker-Poster.jpg 1414w\" sizes=\"auto, (max-width: 724px) 100vw, 724px\" \/><\/p>\n<p>&nbsp;<\/p>\n<p>&nbsp;<\/p>\n<p><strong>Consultez le programme <a href=\"https:\/\/www.bordeaux-population-health.center\/wp-content\/uploads\/2025\/12\/Programme-MINISYMP-A4-v2.pdf\">ici<\/a><\/strong><\/p>\n<p>&nbsp;<\/p>\n<p>\ud83d\udccd Amphi Louis, ISPED, universit\u00e9 de Bordeaux<\/p>\n<p>\ud83d\udd53 Mercredi 17 d\u00e9cembre 2025, 16h30 &#8211; 19h15<\/p>\n","protected":false},"excerpt":{"rendered":"<p>Mini-symposium en l&rsquo;honneur de Philippe Morlat, Professeur \u00e9m\u00e9rite \u00e0 l&rsquo;universit\u00e9 de Bordeaux et membre de l&rsquo;\u00e9quipe PHAres du BPH, \u00e0 l&rsquo;occasion de son d\u00e9part \u00e0 la retraite. &nbsp; \u00ab Hommage au professeur Philippe Morlat : quand la recherche clinique \u00e9claire les soins de sant\u00e9 et la sant\u00e9 publique \u00bb &nbsp; &nbsp; &nbsp; &nbsp; Consultez le [&hellip;]<\/p>\n","protected":false},"author":851,"featured_media":12652,"comment_status":"closed","ping_status":"closed","sticky":false,"template":"","format":"standard","meta":{"_acf_changed":false,"footnotes":""},"categories":[],"tags":[],"class_list":["post-12654","post","type-post","status-publish","format-standard","has-post-thumbnail","hentry"],"acf":[],"yoast_head":"<!-- This site is optimized with the Yoast SEO plugin v27.5 - https:\/\/yoast.com\/product\/yoast-seo-wordpress\/ -->\n<title>Mini-symposium en l&#039;honneur du Professeur Philippe Morlat | Bordeaux population health<\/title>\n<meta name=\"robots\" content=\"index, follow, max-snippet:-1, max-image-preview:large, max-video-preview:-1\" \/>\n<link rel=\"canonical\" href=\"https:\/\/www.bordeaux-population-health.center\/fr\/mini-symposium-en-lhonneur-du-pr-philippe-morlat\/\" \/>\n<meta property=\"og:locale\" content=\"fr_FR\" \/>\n<meta property=\"og:type\" content=\"article\" \/>\n<meta property=\"og:title\" content=\"Mini-symposium en l&#039;honneur du Professeur Philippe Morlat | Bordeaux population health\" \/>\n<meta property=\"og:description\" content=\"Mini-symposium en l&rsquo;honneur de Philippe Morlat, Professeur \u00e9m\u00e9rite \u00e0 l&rsquo;universit\u00e9 de Bordeaux et membre de l&rsquo;\u00e9quipe PHAres du BPH, \u00e0 l&rsquo;occasion de son d\u00e9part \u00e0 la retraite. &nbsp; \u00ab Hommage au professeur Philippe Morlat : quand la recherche clinique \u00e9claire les soins de sant\u00e9 et la sant\u00e9 publique \u00bb &nbsp; &nbsp; &nbsp; &nbsp; Consultez le [&hellip;]\" \/>\n<meta property=\"og:url\" content=\"https:\/\/www.bordeaux-population-health.center\/fr\/mini-symposium-en-lhonneur-du-pr-philippe-morlat\/\" \/>\n<meta property=\"og:site_name\" content=\"Bordeaux population health\" \/>\n<meta property=\"article:published_time\" content=\"2025-12-17T09:31:40+00:00\" \/>\n<meta property=\"article:modified_time\" content=\"2026-02-05T07:51:13+00:00\" \/>\n<meta property=\"og:image\" content=\"https:\/\/www.bordeaux-population-health.center\/wp-content\/uploads\/2025\/12\/Bandeau-morlat.jpg\" \/>\n\t<meta property=\"og:image:width\" content=\"1415\" \/>\n\t<meta property=\"og:image:height\" content=\"943\" \/>\n\t<meta property=\"og:image:type\" content=\"image\/jpeg\" \/>\n<meta name=\"author\" content=\"admin_GARCIA\" \/>\n<meta name=\"twitter:card\" content=\"summary_large_image\" \/>\n<meta name=\"twitter:label1\" content=\"\u00c9crit par\" \/>\n\t<meta name=\"twitter:data1\" content=\"admin_GARCIA\" \/>\n\t<meta name=\"twitter:label2\" content=\"Dur\u00e9e de lecture estim\u00e9e\" \/>\n\t<meta name=\"twitter:data2\" content=\"1 minute\" \/>\n<script type=\"application\/ld+json\" class=\"yoast-schema-graph\">{\"@context\":\"https:\\\/\\\/schema.org\",\"@graph\":[{\"@type\":\"Article\",\"@id\":\"https:\\\/\\\/www.bordeaux-population-health.center\\\/fr\\\/mini-symposium-en-lhonneur-du-pr-philippe-morlat\\\/#article\",\"isPartOf\":{\"@id\":\"https:\\\/\\\/www.bordeaux-population-health.center\\\/fr\\\/mini-symposium-en-lhonneur-du-pr-philippe-morlat\\\/\"},\"author\":{\"name\":\"admin_GARCIA\",\"@id\":\"https:\\\/\\\/www.bordeaux-population-health.center\\\/#\\\/schema\\\/person\\\/a34d3e30b7a71464aa2f8202938ef030\"},\"headline\":\"Mini-symposium en l&rsquo;honneur du Professeur Philippe Morlat\",\"datePublished\":\"2025-12-17T09:31:40+00:00\",\"dateModified\":\"2026-02-05T07:51:13+00:00\",\"mainEntityOfPage\":{\"@id\":\"https:\\\/\\\/www.bordeaux-population-health.center\\\/fr\\\/mini-symposium-en-lhonneur-du-pr-philippe-morlat\\\/\"},\"wordCount\":78,\"image\":{\"@id\":\"https:\\\/\\\/www.bordeaux-population-health.center\\\/fr\\\/mini-symposium-en-lhonneur-du-pr-philippe-morlat\\\/#primaryimage\"},\"thumbnailUrl\":\"https:\\\/\\\/www.bordeaux-population-health.center\\\/wp-content\\\/uploads\\\/2025\\\/12\\\/Bandeau-morlat.jpg\",\"inLanguage\":\"fr-FR\"},{\"@type\":\"WebPage\",\"@id\":\"https:\\\/\\\/www.bordeaux-population-health.center\\\/fr\\\/mini-symposium-en-lhonneur-du-pr-philippe-morlat\\\/\",\"url\":\"https:\\\/\\\/www.bordeaux-population-health.center\\\/fr\\\/mini-symposium-en-lhonneur-du-pr-philippe-morlat\\\/\",\"name\":\"Mini-symposium en l'honneur du Professeur Philippe Morlat | Bordeaux population health\",\"isPartOf\":{\"@id\":\"https:\\\/\\\/www.bordeaux-population-health.center\\\/#website\"},\"primaryImageOfPage\":{\"@id\":\"https:\\\/\\\/www.bordeaux-population-health.center\\\/fr\\\/mini-symposium-en-lhonneur-du-pr-philippe-morlat\\\/#primaryimage\"},\"image\":{\"@id\":\"https:\\\/\\\/www.bordeaux-population-health.center\\\/fr\\\/mini-symposium-en-lhonneur-du-pr-philippe-morlat\\\/#primaryimage\"},\"thumbnailUrl\":\"https:\\\/\\\/www.bordeaux-population-health.center\\\/wp-content\\\/uploads\\\/2025\\\/12\\\/Bandeau-morlat.jpg\",\"datePublished\":\"2025-12-17T09:31:40+00:00\",\"dateModified\":\"2026-02-05T07:51:13+00:00\",\"author\":{\"@id\":\"https:\\\/\\\/www.bordeaux-population-health.center\\\/#\\\/schema\\\/person\\\/a34d3e30b7a71464aa2f8202938ef030\"},\"breadcrumb\":{\"@id\":\"https:\\\/\\\/www.bordeaux-population-health.center\\\/fr\\\/mini-symposium-en-lhonneur-du-pr-philippe-morlat\\\/#breadcrumb\"},\"inLanguage\":\"fr-FR\",\"potentialAction\":[{\"@type\":\"ReadAction\",\"target\":[\"https:\\\/\\\/www.bordeaux-population-health.center\\\/fr\\\/mini-symposium-en-lhonneur-du-pr-philippe-morlat\\\/\"]}]},{\"@type\":\"ImageObject\",\"inLanguage\":\"fr-FR\",\"@id\":\"https:\\\/\\\/www.bordeaux-population-health.center\\\/fr\\\/mini-symposium-en-lhonneur-du-pr-philippe-morlat\\\/#primaryimage\",\"url\":\"https:\\\/\\\/www.bordeaux-population-health.center\\\/wp-content\\\/uploads\\\/2025\\\/12\\\/Bandeau-morlat.jpg\",\"contentUrl\":\"https:\\\/\\\/www.bordeaux-population-health.center\\\/wp-content\\\/uploads\\\/2025\\\/12\\\/Bandeau-morlat.jpg\",\"width\":1415,\"height\":943},{\"@type\":\"BreadcrumbList\",\"@id\":\"https:\\\/\\\/www.bordeaux-population-health.center\\\/fr\\\/mini-symposium-en-lhonneur-du-pr-philippe-morlat\\\/#breadcrumb\",\"itemListElement\":[{\"@type\":\"ListItem\",\"position\":1,\"name\":\"Home\",\"item\":\"https:\\\/\\\/www.bordeaux-population-health.center\\\/fr\\\/\"},{\"@type\":\"ListItem\",\"position\":2,\"name\":\"Mini-symposium en l&#8217;honneur du Professeur Philippe Morlat\"}]},{\"@type\":\"WebSite\",\"@id\":\"https:\\\/\\\/www.bordeaux-population-health.center\\\/#website\",\"url\":\"https:\\\/\\\/www.bordeaux-population-health.center\\\/\",\"name\":\"Bordeaux population health\",\"description\":\"Centre de recherche situ\u00e9 \u00e0 Bordeaux\",\"potentialAction\":[{\"@type\":\"SearchAction\",\"target\":{\"@type\":\"EntryPoint\",\"urlTemplate\":\"https:\\\/\\\/www.bordeaux-population-health.center\\\/?s={search_term_string}\"},\"query-input\":{\"@type\":\"PropertyValueSpecification\",\"valueRequired\":true,\"valueName\":\"search_term_string\"}}],\"inLanguage\":\"fr-FR\"},{\"@type\":\"Person\",\"@id\":\"https:\\\/\\\/www.bordeaux-population-health.center\\\/#\\\/schema\\\/person\\\/a34d3e30b7a71464aa2f8202938ef030\",\"name\":\"admin_GARCIA\",\"image\":{\"@type\":\"ImageObject\",\"inLanguage\":\"fr-FR\",\"@id\":\"https:\\\/\\\/secure.gravatar.com\\\/avatar\\\/de46b5c17d482f6017569adaf280ea8c343e839f383aae8951a371f3f0a5e6d7?s=96&d=mm&r=g\",\"url\":\"https:\\\/\\\/secure.gravatar.com\\\/avatar\\\/de46b5c17d482f6017569adaf280ea8c343e839f383aae8951a371f3f0a5e6d7?s=96&d=mm&r=g\",\"contentUrl\":\"https:\\\/\\\/secure.gravatar.com\\\/avatar\\\/de46b5c17d482f6017569adaf280ea8c343e839f383aae8951a371f3f0a5e6d7?s=96&d=mm&r=g\",\"caption\":\"admin_GARCIA\"},\"url\":\"https:\\\/\\\/www.bordeaux-population-health.center\\\/fr\\\/author\\\/admin_garcia\\\/\"}]}<\/script>\n<!-- \/ Yoast SEO plugin. -->","yoast_head_json":{"title":"Mini-symposium en l'honneur du Professeur Philippe Morlat | Bordeaux population health","robots":{"index":"index","follow":"follow","max-snippet":"max-snippet:-1","max-image-preview":"max-image-preview:large","max-video-preview":"max-video-preview:-1"},"canonical":"https:\/\/www.bordeaux-population-health.center\/fr\/mini-symposium-en-lhonneur-du-pr-philippe-morlat\/","og_locale":"fr_FR","og_type":"article","og_title":"Mini-symposium en l'honneur du Professeur Philippe Morlat | Bordeaux population health","og_description":"Mini-symposium en l&rsquo;honneur de Philippe Morlat, Professeur \u00e9m\u00e9rite \u00e0 l&rsquo;universit\u00e9 de Bordeaux et membre de l&rsquo;\u00e9quipe PHAres du BPH, \u00e0 l&rsquo;occasion de son d\u00e9part \u00e0 la retraite. &nbsp; \u00ab Hommage au professeur Philippe Morlat : quand la recherche clinique \u00e9claire les soins de sant\u00e9 et la sant\u00e9 publique \u00bb &nbsp; &nbsp; &nbsp; &nbsp; Consultez le [&hellip;]","og_url":"https:\/\/www.bordeaux-population-health.center\/fr\/mini-symposium-en-lhonneur-du-pr-philippe-morlat\/","og_site_name":"Bordeaux population health","article_published_time":"2025-12-17T09:31:40+00:00","article_modified_time":"2026-02-05T07:51:13+00:00","og_image":[{"width":1415,"height":943,"url":"https:\/\/www.bordeaux-population-health.center\/wp-content\/uploads\/2025\/12\/Bandeau-morlat.jpg","type":"image\/jpeg"}],"author":"admin_GARCIA","twitter_card":"summary_large_image","twitter_misc":{"\u00c9crit par":"admin_GARCIA","Dur\u00e9e de lecture estim\u00e9e":"1 minute"},"schema":{"@context":"https:\/\/schema.org","@graph":[{"@type":"Article","@id":"https:\/\/www.bordeaux-population-health.center\/fr\/mini-symposium-en-lhonneur-du-pr-philippe-morlat\/#article","isPartOf":{"@id":"https:\/\/www.bordeaux-population-health.center\/fr\/mini-symposium-en-lhonneur-du-pr-philippe-morlat\/"},"author":{"name":"admin_GARCIA","@id":"https:\/\/www.bordeaux-population-health.center\/#\/schema\/person\/a34d3e30b7a71464aa2f8202938ef030"},"headline":"Mini-symposium en l&rsquo;honneur du Professeur Philippe Morlat","datePublished":"2025-12-17T09:31:40+00:00","dateModified":"2026-02-05T07:51:13+00:00","mainEntityOfPage":{"@id":"https:\/\/www.bordeaux-population-health.center\/fr\/mini-symposium-en-lhonneur-du-pr-philippe-morlat\/"},"wordCount":78,"image":{"@id":"https:\/\/www.bordeaux-population-health.center\/fr\/mini-symposium-en-lhonneur-du-pr-philippe-morlat\/#primaryimage"},"thumbnailUrl":"https:\/\/www.bordeaux-population-health.center\/wp-content\/uploads\/2025\/12\/Bandeau-morlat.jpg","inLanguage":"fr-FR"},{"@type":"WebPage","@id":"https:\/\/www.bordeaux-population-health.center\/fr\/mini-symposium-en-lhonneur-du-pr-philippe-morlat\/","url":"https:\/\/www.bordeaux-population-health.center\/fr\/mini-symposium-en-lhonneur-du-pr-philippe-morlat\/","name":"Mini-symposium en l'honneur du Professeur Philippe Morlat | Bordeaux population health","isPartOf":{"@id":"https:\/\/www.bordeaux-population-health.center\/#website"},"primaryImageOfPage":{"@id":"https:\/\/www.bordeaux-population-health.center\/fr\/mini-symposium-en-lhonneur-du-pr-philippe-morlat\/#primaryimage"},"image":{"@id":"https:\/\/www.bordeaux-population-health.center\/fr\/mini-symposium-en-lhonneur-du-pr-philippe-morlat\/#primaryimage"},"thumbnailUrl":"https:\/\/www.bordeaux-population-health.center\/wp-content\/uploads\/2025\/12\/Bandeau-morlat.jpg","datePublished":"2025-12-17T09:31:40+00:00","dateModified":"2026-02-05T07:51:13+00:00","author":{"@id":"https:\/\/www.bordeaux-population-health.center\/#\/schema\/person\/a34d3e30b7a71464aa2f8202938ef030"},"breadcrumb":{"@id":"https:\/\/www.bordeaux-population-health.center\/fr\/mini-symposium-en-lhonneur-du-pr-philippe-morlat\/#breadcrumb"},"inLanguage":"fr-FR","potentialAction":[{"@type":"ReadAction","target":["https:\/\/www.bordeaux-population-health.center\/fr\/mini-symposium-en-lhonneur-du-pr-philippe-morlat\/"]}]},{"@type":"ImageObject","inLanguage":"fr-FR","@id":"https:\/\/www.bordeaux-population-health.center\/fr\/mini-symposium-en-lhonneur-du-pr-philippe-morlat\/#primaryimage","url":"https:\/\/www.bordeaux-population-health.center\/wp-content\/uploads\/2025\/12\/Bandeau-morlat.jpg","contentUrl":"https:\/\/www.bordeaux-population-health.center\/wp-content\/uploads\/2025\/12\/Bandeau-morlat.jpg","width":1415,"height":943},{"@type":"BreadcrumbList","@id":"https:\/\/www.bordeaux-population-health.center\/fr\/mini-symposium-en-lhonneur-du-pr-philippe-morlat\/#breadcrumb","itemListElement":[{"@type":"ListItem","position":1,"name":"Home","item":"https:\/\/www.bordeaux-population-health.center\/fr\/"},{"@type":"ListItem","position":2,"name":"Mini-symposium en l&#8217;honneur du Professeur Philippe Morlat"}]},{"@type":"WebSite","@id":"https:\/\/www.bordeaux-population-health.center\/#website","url":"https:\/\/www.bordeaux-population-health.center\/","name":"Bordeaux population health","description":"Centre de recherche situ\u00e9 \u00e0 Bordeaux","potentialAction":[{"@type":"SearchAction","target":{"@type":"EntryPoint","urlTemplate":"https:\/\/www.bordeaux-population-health.center\/?s={search_term_string}"},"query-input":{"@type":"PropertyValueSpecification","valueRequired":true,"valueName":"search_term_string"}}],"inLanguage":"fr-FR"},{"@type":"Person","@id":"https:\/\/www.bordeaux-population-health.center\/#\/schema\/person\/a34d3e30b7a71464aa2f8202938ef030","name":"admin_GARCIA","image":{"@type":"ImageObject","inLanguage":"fr-FR","@id":"https:\/\/secure.gravatar.com\/avatar\/de46b5c17d482f6017569adaf280ea8c343e839f383aae8951a371f3f0a5e6d7?s=96&d=mm&r=g","url":"https:\/\/secure.gravatar.com\/avatar\/de46b5c17d482f6017569adaf280ea8c343e839f383aae8951a371f3f0a5e6d7?s=96&d=mm&r=g","contentUrl":"https:\/\/secure.gravatar.com\/avatar\/de46b5c17d482f6017569adaf280ea8c343e839f383aae8951a371f3f0a5e6d7?s=96&d=mm&r=g","caption":"admin_GARCIA"},"url":"https:\/\/www.bordeaux-population-health.center\/fr\/author\/admin_garcia\/"}]}},"_links":{"self":[{"href":"https:\/\/www.bordeaux-population-health.center\/fr\/wp-json\/wp\/v2\/posts\/12654","targetHints":{"allow":["GET"]}}],"collection":[{"href":"https:\/\/www.bordeaux-population-health.center\/fr\/wp-json\/wp\/v2\/posts"}],"about":[{"href":"https:\/\/www.bordeaux-population-health.center\/fr\/wp-json\/wp\/v2\/types\/post"}],"author":[{"embeddable":true,"href":"https:\/\/www.bordeaux-population-health.center\/fr\/wp-json\/wp\/v2\/users\/851"}],"replies":[{"embeddable":true,"href":"https:\/\/www.bordeaux-population-health.center\/fr\/wp-json\/wp\/v2\/comments?post=12654"}],"version-history":[{"count":4,"href":"https:\/\/www.bordeaux-population-health.center\/fr\/wp-json\/wp\/v2\/posts\/12654\/revisions"}],"predecessor-version":[{"id":12660,"href":"https:\/\/www.bordeaux-population-health.center\/fr\/wp-json\/wp\/v2\/posts\/12654\/revisions\/12660"}],"wp:featuredmedia":[{"embeddable":true,"href":"https:\/\/www.bordeaux-population-health.center\/fr\/wp-json\/wp\/v2\/media\/12652"}],"wp:attachment":[{"href":"https:\/\/www.bordeaux-population-health.center\/fr\/wp-json\/wp\/v2\/media?parent=12654"}],"wp:term":[{"taxonomy":"category","embeddable":true,"href":"https:\/\/www.bordeaux-population-health.center\/fr\/wp-json\/wp\/v2\/categories?post=12654"},{"taxonomy":"post_tag","embeddable":true,"href":"https:\/\/www.bordeaux-population-health.center\/fr\/wp-json\/wp\/v2\/tags?post=12654"}],"curies":[{"name":"wp","href":"https:\/\/api.w.org\/{rel}","templated":true}]}}